{"id":305,"date":"2020-05-12T00:38:14","date_gmt":"2020-05-12T03:38:14","guid":{"rendered":"http:\/\/estudiornya.com.ar\/wordpress\/?p=305"},"modified":"2020-05-12T00:40:10","modified_gmt":"2020-05-12T03:40:10","slug":"salario-complementario","status":"publish","type":"post","link":"https:\/\/estudiornya.com.ar\/wordpress\/salario-complementario\/","title":{"rendered":"Salario Complementario a cargo del Gobierno &#8211; ATP"},"content":{"rendered":"<div class=\"kvgmc6g5 cxmmr5t8 oygrvhab hcukyx3x c1et5uql ii04i59q\">\n<div dir=\"auto\" style=\"text-align: center;\">Salario Complementario a cargo del Gobierno &#8211; Programa ATP<\/div>\n<div dir=\"auto\" style=\"text-align: center;\"><\/div>\n<div dir=\"auto\" style=\"text-align: center;\"><\/div>\n<div dir=\"auto\" style=\"text-align: center;\">\n<hr \/>\n<\/div>\n<\/div>\n<div class=\"o9v6fnle cxmmr5t8 oygrvhab hcukyx3x c1et5uql ii04i59q\">\n<ul>\n<li dir=\"auto\">Ser\u00e1 depositado cerca del 7\/5 en la CBU de cada empleado informada en AFIP.<\/li>\n<li dir=\"auto\">Si el empleado no tiene CBU no se le har\u00e1 efectivo el beneficio, debiendo el empleador cubrir la totalidad del salario.<\/li>\n<li dir=\"auto\">El tratamiento en el recibo ser\u00e1 c\u00f3mo un adelanto de sueldo. Solo que en vez de haberse dado por anticipado por el empleador, ser\u00e1 dado para completar por el Estado.<\/li>\n<li dir=\"auto\">El empleador deber\u00e1 abonarle al trabajador la diferencia entre el total neto de abril y el monto del Salario Complementario.<\/li>\n<\/ul>\n<\/div>\n<div class=\"o9v6fnle cxmmr5t8 oygrvhab hcukyx3x c1et5uql ii04i59q\">\n<div dir=\"auto\">Por estas razones seguramente este mes se retrasen las entregas de los recibos de sueldos<\/div>\n<div dir=\"auto\">Paciencia empleadores y empleados<\/div>\n<div dir=\"auto\">Cargas Sociales\u00a0Se prorrogan una semana en cuanto a sus vencimientos por lo cual se deber\u00e1n presentar y abonar acorde al nuevo cronograma que simplemente aplaza exactamente una semana del vencimiento original (salvo aquellos que fueron beneficiados con la reducci\u00f3n o la pr\u00f3rroga de las contribuciones al SIPA).<\/div>\n<\/div>\n<div class=\"o9v6fnle cxmmr5t8 oygrvhab hcukyx3x c1et5uql ii04i59q\">\n<div dir=\"auto\">Cargas Sindicales por ahora sin novedades en cuanto a sus vencimientos por lo cual se deber\u00e1n presentar y abonar acorde a los cronogramas habituales.<\/div>\n<\/div>\n","protected":false},"excerpt":{"rendered":"<p>Salario Complementario a cargo del Gobierno &#8211; Programa ATP Ser\u00e1 depositado cerca del 7\/5 en la CBU de cada empleado informada en AFIP. Si el [&hellip;]<\/p>\n","protected":false},"author":1,"featured_media":0,"comment_status":"closed","ping_status":"open","sticky":false,"template":"","format":"standard","meta":{"footnotes":""},"categories":[1],"tags":[],"class_list":["post-305","post","type-post","status-publish","format-standard","hentry","category-uncategorized"],"_links":{"self":[{"href":"https:\/\/estudiornya.com.ar\/wordpress\/wp-json\/wp\/v2\/posts\/305","targetHints":{"allow":["GET"]}}],"collection":[{"href":"https:\/\/estudiornya.com.ar\/wordpress\/wp-json\/wp\/v2\/posts"}],"about":[{"href":"https:\/\/estudiornya.com.ar\/wordpress\/wp-json\/wp\/v2\/types\/post"}],"author":[{"embeddable":true,"href":"https:\/\/estudiornya.com.ar\/wordpress\/wp-json\/wp\/v2\/users\/1"}],"replies":[{"embeddable":true,"href":"https:\/\/estudiornya.com.ar\/wordpress\/wp-json\/wp\/v2\/comments?post=305"}],"version-history":[{"count":3,"href":"https:\/\/estudiornya.com.ar\/wordpress\/wp-json\/wp\/v2\/posts\/305\/revisions"}],"predecessor-version":[{"id":308,"href":"https:\/\/estudiornya.com.ar\/wordpress\/wp-json\/wp\/v2\/posts\/305\/revisions\/308"}],"wp:attachment":[{"href":"https:\/\/estudiornya.com.ar\/wordpress\/wp-json\/wp\/v2\/media?parent=305"}],"wp:term":[{"taxonomy":"category","embeddable":true,"href":"https:\/\/estudiornya.com.ar\/wordpress\/wp-json\/wp\/v2\/categories?post=305"},{"taxonomy":"post_tag","embeddable":true,"href":"https:\/\/estudiornya.com.ar\/wordpress\/wp-json\/wp\/v2\/tags?post=305"}],"curies":[{"name":"wp","href":"https:\/\/api.w.org\/{rel}","templated":true}]}}